{"id":249,"date":"2020-08-10T12:11:33","date_gmt":"2020-08-10T12:11:33","guid":{"rendered":"https:\/\/estufasdepelletsonline.com\/blog\/?p=249"},"modified":"2024-08-17T19:44:37","modified_gmt":"2024-08-17T19:44:37","slug":"en-que-lugar-de-mi-vivienda-poner-la-estufa-de-pellet","status":"publish","type":"post","link":"https:\/\/estufa-de-pellets.com\/blog\/en-que-lugar-de-mi-vivienda-poner-la-estufa-de-pellet\/","title":{"rendered":"En qu\u00e9 lugar de mi vivienda poner la estufa de pellet"},"content":{"rendered":"<p>Las\u00a0<a href=\"http:\/\/www.estufa-pellets.es\/\"><strong>estufas de pellets<\/strong><\/a>\u00a0calientan gracias a su sistema de ventilaci\u00f3n interno. El calor generado por la combusti\u00f3n del\u00a0<a href=\"http:\/\/pelletespana.es\/\"><strong>pellet<\/strong><\/a>\u00a0sale de la estufa y calienta el exterior. Este sistema es diferente a las estufas de le\u00f1a tradicionales, que calientan el espacio a trav\u00e9s de su chasis.<\/p>\n<p>Por esta raz\u00f3n, hemos de instalar la estufa en un lugar que permita\u00a0<a href=\"http:\/\/www.estufa-pellets.es\/salida-gases-estufa-pellets.php\"><strong>salir el aire<\/strong><\/a>\u00a0caliente de nuestra estufa y as\u00ed este pueda extenderse.<\/p>\n<p>Se suele colocar en el sal\u00f3n, dormitorio principal o en el pasillo, procurando que no hayan obst\u00e1culos a menos de 1 o dos 2 metros frente a la salida de la ventilaci\u00f3n de la estufa. El \u00fanico problema que podemos encontrar si no podemos cumplir este requisito, es que el aire no se pueda expandir de forma r\u00e1pida.<\/p>\n<p><img loading=\"lazy\" decoding=\"async\" class=\"size-medium wp-image-150 aligncenter\" src=\"https:\/\/estufasdepelletsonline.com\/blog\/wp-content\/uploads\/2019\/12\/mi-estufa-pellets-huele-humo-300x225.jpg\" alt=\"imagen de mi estufa huele a humo\" width=\"300\" height=\"225\" \/><\/p>\n<p>&nbsp;<\/p>\n<p>En el caso que queramos\u00a0<a href=\"http:\/\/www.estufa-pellets.es\/como-instalar-una-estufa-de-pellets.php\"><strong>instalar<\/strong><\/a>\u00a0una estufa de aire conducido, ser\u00e1 muy importante antes de decidir la ubicaci\u00f3n que planteemos por d\u00f3nde pasar\u00e1n las tuber\u00edas en direcci\u00f3n a las otras habitaciones. De esta manera, conseguiremos utilizar solo los tramos y materiales necesarios para la instalaci\u00f3n.<\/p>\n<p>&nbsp;<\/p>\n<p><strong>\u00a0<\/strong><\/p>\n<p>&nbsp;<\/p>\n<p>&nbsp;<\/p>\n<p>&nbsp;<\/p>\n","protected":false},"excerpt":{"rendered":"<p>Las\u00a0estufas de pellets\u00a0calientan gracias a su sistema de ventilaci\u00f3n interno. El calor generado por la combusti\u00f3n del\u00a0pellet\u00a0sale de la estufa y calienta el exterior. Este sistema es diferente a las estufas de le\u00f1a tradicionales, que calientan el espacio a trav\u00e9s de su chasis. Por esta raz\u00f3n, hemos de instalar la estufa en un lugar que&#8230; <\/p>\n<div class=\"read-more\"><a href=\"https:\/\/estufa-de-pellets.com\/blog\/en-que-lugar-de-mi-vivienda-poner-la-estufa-de-pellet\/\">Leer m\u00e1s<\/a><\/div>\n","protected":false},"author":1,"featured_media":250,"comment_status":"closed","ping_status":"closed","sticky":false,"template":"","format":"standard","meta":{"iawp_total_views":0,"footnotes":""},"categories":[604,613],"tags":[647,653,648,649,646,645,650,651,652],"class_list":["post-249","post","type-post","status-publish","format-standard","has-post-thumbnail","hentry","category-estufas-de-pellets","category-cuanta-potencia","tag-donde-colocar-estufa-de-pellets","tag-donde-colocar-estufa-pellets","tag-donde-colocar-la-estufa-de-pellets","tag-donde-colocar-una-estufa-de-pellets","tag-donde-colocar-una-estufa-de-pellets-casa-2-plantas","tag-donde-colocar-una-estufa-de-pellets-en-un-piso","tag-donde-poner-una-estufa-de-pellets","tag-donde-se-puede-poner-una-estufa-de-pellets","tag-estufa-de-pellets-donde-colocar"],"yoast_head":"<!-- This site is optimized with the Yoast SEO plugin v24.7 - https:\/\/yoast.com\/wordpress\/plugins\/seo\/ -->\n<title>En qu\u00e9 lugar de mi vivienda poner la estufa de pellet - estufas de pellets Blog<\/title>\n<meta name=\"robots\" content=\"index, follow, max-snippet:-1, max-image-preview:large, max-video-preview:-1\" \/>\n<link rel=\"canonical\" href=\"https:\/\/estufa-de-pellets.com\/blog\/en-que-lugar-de-mi-vivienda-poner-la-estufa-de-pellet\/\" \/>\n<meta property=\"og:locale\" content=\"es_ES\" \/>\n<meta property=\"og:type\" content=\"article\" \/>\n<meta property=\"og:title\" content=\"En qu\u00e9 lugar de mi vivienda poner la estufa de pellet - estufas de pellets Blog\" \/>\n<meta property=\"og:description\" content=\"Las\u00a0estufas de pellets\u00a0calientan gracias a su sistema de ventilaci\u00f3n interno. El calor generado por la combusti\u00f3n del\u00a0pellet\u00a0sale de la estufa y calienta el exterior. Este sistema es diferente a las estufas de le\u00f1a tradicionales, que calientan el espacio a trav\u00e9s de su chasis. Por esta raz\u00f3n, hemos de instalar la estufa en un lugar que... Leer m\u00e1s\" \/>\n<meta property=\"og:url\" content=\"https:\/\/estufa-de-pellets.com\/blog\/en-que-lugar-de-mi-vivienda-poner-la-estufa-de-pellet\/\" \/>\n<meta property=\"og:site_name\" content=\"estufas de pellets Blog\" \/>\n<meta property=\"article:published_time\" content=\"2020-08-10T12:11:33+00:00\" \/>\n<meta property=\"article:modified_time\" content=\"2024-08-17T19:44:37+00:00\" \/>\n<meta name=\"author\" content=\"adminblogedp\" \/>\n<meta name=\"twitter:card\" content=\"summary_large_image\" \/>\n<meta name=\"twitter:label1\" content=\"Escrito por\" \/>\n\t<meta name=\"twitter:data1\" content=\"adminblogedp\" \/>\n\t<meta name=\"twitter:label2\" content=\"Tiempo de lectura\" \/>\n\t<meta name=\"twitter:data2\" content=\"1 minuto\" \/>\n<script type=\"application\/ld+json\" class=\"yoast-schema-graph\">{\"@context\":\"https:\/\/schema.org\",\"@graph\":[{\"@type\":\"Article\",\"@id\":\"https:\/\/estufa-de-pellets.com\/blog\/en-que-lugar-de-mi-vivienda-poner-la-estufa-de-pellet\/#article\",\"isPartOf\":{\"@id\":\"https:\/\/estufa-de-pellets.com\/blog\/en-que-lugar-de-mi-vivienda-poner-la-estufa-de-pellet\/\"},\"author\":{\"name\":\"adminblogedp\",\"@id\":\"https:\/\/estufa-de-pellets.com\/blog\/#\/schema\/person\/ef76f06dbf589db5e31aec65b6655434\"},\"headline\":\"En qu\u00e9 lugar de mi vivienda poner la estufa de pellet\",\"datePublished\":\"2020-08-10T12:11:33+00:00\",\"dateModified\":\"2024-08-17T19:44:37+00:00\",\"mainEntityOfPage\":{\"@id\":\"https:\/\/estufa-de-pellets.com\/blog\/en-que-lugar-de-mi-vivienda-poner-la-estufa-de-pellet\/\"},\"wordCount\":205,\"publisher\":{\"@id\":\"https:\/\/estufa-de-pellets.com\/blog\/#organization\"},\"image\":{\"@id\":\"https:\/\/estufa-de-pellets.com\/blog\/en-que-lugar-de-mi-vivienda-poner-la-estufa-de-pellet\/#primaryimage\"},\"thumbnailUrl\":\"\",\"keywords\":[\"donde colocar estufa de pellets\",\"donde colocar estufa pellets\",\"donde colocar la estufa de pellets\",\"donde colocar una estufa de pellets\",\"donde colocar una estufa de pellets casa 2 plantas\",\"donde colocar una estufa de pellets en un piso\",\"donde poner una estufa de pellets\",\"donde se puede poner una estufa de pellets\",\"estufa de pellets donde colocar\"],\"articleSection\":[\"Estufas de pellets\",\"\u00bfCuanta potencia necesito?\"],\"inLanguage\":\"es\"},{\"@type\":\"WebPage\",\"@id\":\"https:\/\/estufa-de-pellets.com\/blog\/en-que-lugar-de-mi-vivienda-poner-la-estufa-de-pellet\/\",\"url\":\"https:\/\/estufa-de-pellets.com\/blog\/en-que-lugar-de-mi-vivienda-poner-la-estufa-de-pellet\/\",\"name\":\"En qu\u00e9 lugar de mi vivienda poner la estufa de pellet - estufas de pellets Blog\",\"isPartOf\":{\"@id\":\"https:\/\/estufa-de-pellets.com\/blog\/#website\"},\"primaryImageOfPage\":{\"@id\":\"https:\/\/estufa-de-pellets.com\/blog\/en-que-lugar-de-mi-vivienda-poner-la-estufa-de-pellet\/#primaryimage\"},\"image\":{\"@id\":\"https:\/\/estufa-de-pellets.com\/blog\/en-que-lugar-de-mi-vivienda-poner-la-estufa-de-pellet\/#primaryimage\"},\"thumbnailUrl\":\"\",\"datePublished\":\"2020-08-10T12:11:33+00:00\",\"dateModified\":\"2024-08-17T19:44:37+00:00\",\"breadcrumb\":{\"@id\":\"https:\/\/estufa-de-pellets.com\/blog\/en-que-lugar-de-mi-vivienda-poner-la-estufa-de-pellet\/#breadcrumb\"},\"inLanguage\":\"es\",\"potentialAction\":[{\"@type\":\"ReadAction\",\"target\":[\"https:\/\/estufa-de-pellets.com\/blog\/en-que-lugar-de-mi-vivienda-poner-la-estufa-de-pellet\/\"]}]},{\"@type\":\"ImageObject\",\"inLanguage\":\"es\",\"@id\":\"https:\/\/estufa-de-pellets.com\/blog\/en-que-lugar-de-mi-vivienda-poner-la-estufa-de-pellet\/#primaryimage\",\"url\":\"\",\"contentUrl\":\"\"},{\"@type\":\"BreadcrumbList\",\"@id\":\"https:\/\/estufa-de-pellets.com\/blog\/en-que-lugar-de-mi-vivienda-poner-la-estufa-de-pellet\/#breadcrumb\",\"itemListElement\":[{\"@type\":\"ListItem\",\"position\":1,\"name\":\"Portada\",\"item\":\"https:\/\/estufa-de-pellets.com\/blog\/\"},{\"@type\":\"ListItem\",\"position\":2,\"name\":\"En qu\u00e9 lugar de mi vivienda poner la estufa de pellet\"}]},{\"@type\":\"WebSite\",\"@id\":\"https:\/\/estufa-de-pellets.com\/blog\/#website\",\"url\":\"https:\/\/estufa-de-pellets.com\/blog\/\",\"name\":\"estufa-de-pellets.com\",\"description\":\"Todo sobre estufas de pellets y\/o le\u00f1a &#x1fab5;&#x1fab5;&#x1f525;\",\"publisher\":{\"@id\":\"https:\/\/estufa-de-pellets.com\/blog\/#organization\"},\"potentialAction\":[{\"@type\":\"SearchAction\",\"target\":{\"@type\":\"EntryPoint\",\"urlTemplate\":\"https:\/\/estufa-de-pellets.com\/blog\/?s={search_term_string}\"},\"query-input\":{\"@type\":\"PropertyValueSpecification\",\"valueRequired\":true,\"valueName\":\"search_term_string\"}}],\"inLanguage\":\"es\"},{\"@type\":\"Organization\",\"@id\":\"https:\/\/estufa-de-pellets.com\/blog\/#organization\",\"name\":\"Vestal Group\",\"url\":\"https:\/\/estufa-de-pellets.com\/blog\/\",\"logo\":{\"@type\":\"ImageObject\",\"inLanguage\":\"es\",\"@id\":\"https:\/\/estufa-de-pellets.com\/blog\/#\/schema\/logo\/image\/\",\"url\":\"https:\/\/estufa-de-pellets.com\/blog\/wp-content\/uploads\/2024\/08\/Proyecto-nuevo.webp\",\"contentUrl\":\"https:\/\/estufa-de-pellets.com\/blog\/wp-content\/uploads\/2024\/08\/Proyecto-nuevo.webp\",\"width\":160,\"height\":90,\"caption\":\"Vestal Group\"},\"image\":{\"@id\":\"https:\/\/estufa-de-pellets.com\/blog\/#\/schema\/logo\/image\/\"}},{\"@type\":\"Person\",\"@id\":\"https:\/\/estufa-de-pellets.com\/blog\/#\/schema\/person\/ef76f06dbf589db5e31aec65b6655434\",\"name\":\"adminblogedp\",\"image\":{\"@type\":\"ImageObject\",\"inLanguage\":\"es\",\"@id\":\"https:\/\/estufa-de-pellets.com\/blog\/#\/schema\/person\/image\/\",\"url\":\"https:\/\/secure.gravatar.com\/avatar\/f93d1e78920b3d58ed4ce5373a4e1a2b5bac3a01cbea2115bdb3163e3b19cb6c?s=96&d=mm&r=g\",\"contentUrl\":\"https:\/\/secure.gravatar.com\/avatar\/f93d1e78920b3d58ed4ce5373a4e1a2b5bac3a01cbea2115bdb3163e3b19cb6c?s=96&d=mm&r=g\",\"caption\":\"adminblogedp\"},\"url\":\"https:\/\/estufa-de-pellets.com\/blog\/author\/adminblogedp\/\"}]}<\/script>\n<!-- \/ Yoast SEO plugin. -->","yoast_head_json":{"title":"En qu\u00e9 lugar de mi vivienda poner la estufa de pellet - estufas de pellets Blog","robots":{"index":"index","follow":"follow","max-snippet":"max-snippet:-1","max-image-preview":"max-image-preview:large","max-video-preview":"max-video-preview:-1"},"canonical":"https:\/\/estufa-de-pellets.com\/blog\/en-que-lugar-de-mi-vivienda-poner-la-estufa-de-pellet\/","og_locale":"es_ES","og_type":"article","og_title":"En qu\u00e9 lugar de mi vivienda poner la estufa de pellet - estufas de pellets Blog","og_description":"Las\u00a0estufas de pellets\u00a0calientan gracias a su sistema de ventilaci\u00f3n interno. El calor generado por la combusti\u00f3n del\u00a0pellet\u00a0sale de la estufa y calienta el exterior. Este sistema es diferente a las estufas de le\u00f1a tradicionales, que calientan el espacio a trav\u00e9s de su chasis. Por esta raz\u00f3n, hemos de instalar la estufa en un lugar que... Leer m\u00e1s","og_url":"https:\/\/estufa-de-pellets.com\/blog\/en-que-lugar-de-mi-vivienda-poner-la-estufa-de-pellet\/","og_site_name":"estufas de pellets Blog","article_published_time":"2020-08-10T12:11:33+00:00","article_modified_time":"2024-08-17T19:44:37+00:00","author":"adminblogedp","twitter_card":"summary_large_image","twitter_misc":{"Escrito por":"adminblogedp","Tiempo de lectura":"1 minuto"},"schema":{"@context":"https:\/\/schema.org","@graph":[{"@type":"Article","@id":"https:\/\/estufa-de-pellets.com\/blog\/en-que-lugar-de-mi-vivienda-poner-la-estufa-de-pellet\/#article","isPartOf":{"@id":"https:\/\/estufa-de-pellets.com\/blog\/en-que-lugar-de-mi-vivienda-poner-la-estufa-de-pellet\/"},"author":{"name":"adminblogedp","@id":"https:\/\/estufa-de-pellets.com\/blog\/#\/schema\/person\/ef76f06dbf589db5e31aec65b6655434"},"headline":"En qu\u00e9 lugar de mi vivienda poner la estufa de pellet","datePublished":"2020-08-10T12:11:33+00:00","dateModified":"2024-08-17T19:44:37+00:00","mainEntityOfPage":{"@id":"https:\/\/estufa-de-pellets.com\/blog\/en-que-lugar-de-mi-vivienda-poner-la-estufa-de-pellet\/"},"wordCount":205,"publisher":{"@id":"https:\/\/estufa-de-pellets.com\/blog\/#organization"},"image":{"@id":"https:\/\/estufa-de-pellets.com\/blog\/en-que-lugar-de-mi-vivienda-poner-la-estufa-de-pellet\/#primaryimage"},"thumbnailUrl":"","keywords":["donde colocar estufa de pellets","donde colocar estufa pellets","donde colocar la estufa de pellets","donde colocar una estufa de pellets","donde colocar una estufa de pellets casa 2 plantas","donde colocar una estufa de pellets en un piso","donde poner una estufa de pellets","donde se puede poner una estufa de pellets","estufa de pellets donde colocar"],"articleSection":["Estufas de pellets","\u00bfCuanta potencia necesito?"],"inLanguage":"es"},{"@type":"WebPage","@id":"https:\/\/estufa-de-pellets.com\/blog\/en-que-lugar-de-mi-vivienda-poner-la-estufa-de-pellet\/","url":"https:\/\/estufa-de-pellets.com\/blog\/en-que-lugar-de-mi-vivienda-poner-la-estufa-de-pellet\/","name":"En qu\u00e9 lugar de mi vivienda poner la estufa de pellet - estufas de pellets Blog","isPartOf":{"@id":"https:\/\/estufa-de-pellets.com\/blog\/#website"},"primaryImageOfPage":{"@id":"https:\/\/estufa-de-pellets.com\/blog\/en-que-lugar-de-mi-vivienda-poner-la-estufa-de-pellet\/#primaryimage"},"image":{"@id":"https:\/\/estufa-de-pellets.com\/blog\/en-que-lugar-de-mi-vivienda-poner-la-estufa-de-pellet\/#primaryimage"},"thumbnailUrl":"","datePublished":"2020-08-10T12:11:33+00:00","dateModified":"2024-08-17T19:44:37+00:00","breadcrumb":{"@id":"https:\/\/estufa-de-pellets.com\/blog\/en-que-lugar-de-mi-vivienda-poner-la-estufa-de-pellet\/#breadcrumb"},"inLanguage":"es","potentialAction":[{"@type":"ReadAction","target":["https:\/\/estufa-de-pellets.com\/blog\/en-que-lugar-de-mi-vivienda-poner-la-estufa-de-pellet\/"]}]},{"@type":"ImageObject","inLanguage":"es","@id":"https:\/\/estufa-de-pellets.com\/blog\/en-que-lugar-de-mi-vivienda-poner-la-estufa-de-pellet\/#primaryimage","url":"","contentUrl":""},{"@type":"BreadcrumbList","@id":"https:\/\/estufa-de-pellets.com\/blog\/en-que-lugar-de-mi-vivienda-poner-la-estufa-de-pellet\/#breadcrumb","itemListElement":[{"@type":"ListItem","position":1,"name":"Portada","item":"https:\/\/estufa-de-pellets.com\/blog\/"},{"@type":"ListItem","position":2,"name":"En qu\u00e9 lugar de mi vivienda poner la estufa de pellet"}]},{"@type":"WebSite","@id":"https:\/\/estufa-de-pellets.com\/blog\/#website","url":"https:\/\/estufa-de-pellets.com\/blog\/","name":"estufa-de-pellets.com","description":"Todo sobre estufas de pellets y\/o le\u00f1a &#x1fab5;&#x1fab5;&#x1f525;","publisher":{"@id":"https:\/\/estufa-de-pellets.com\/blog\/#organization"},"potentialAction":[{"@type":"SearchAction","target":{"@type":"EntryPoint","urlTemplate":"https:\/\/estufa-de-pellets.com\/blog\/?s={search_term_string}"},"query-input":{"@type":"PropertyValueSpecification","valueRequired":true,"valueName":"search_term_string"}}],"inLanguage":"es"},{"@type":"Organization","@id":"https:\/\/estufa-de-pellets.com\/blog\/#organization","name":"Vestal Group","url":"https:\/\/estufa-de-pellets.com\/blog\/","logo":{"@type":"ImageObject","inLanguage":"es","@id":"https:\/\/estufa-de-pellets.com\/blog\/#\/schema\/logo\/image\/","url":"https:\/\/estufa-de-pellets.com\/blog\/wp-content\/uploads\/2024\/08\/Proyecto-nuevo.webp","contentUrl":"https:\/\/estufa-de-pellets.com\/blog\/wp-content\/uploads\/2024\/08\/Proyecto-nuevo.webp","width":160,"height":90,"caption":"Vestal Group"},"image":{"@id":"https:\/\/estufa-de-pellets.com\/blog\/#\/schema\/logo\/image\/"}},{"@type":"Person","@id":"https:\/\/estufa-de-pellets.com\/blog\/#\/schema\/person\/ef76f06dbf589db5e31aec65b6655434","name":"adminblogedp","image":{"@type":"ImageObject","inLanguage":"es","@id":"https:\/\/estufa-de-pellets.com\/blog\/#\/schema\/person\/image\/","url":"https:\/\/secure.gravatar.com\/avatar\/f93d1e78920b3d58ed4ce5373a4e1a2b5bac3a01cbea2115bdb3163e3b19cb6c?s=96&d=mm&r=g","contentUrl":"https:\/\/secure.gravatar.com\/avatar\/f93d1e78920b3d58ed4ce5373a4e1a2b5bac3a01cbea2115bdb3163e3b19cb6c?s=96&d=mm&r=g","caption":"adminblogedp"},"url":"https:\/\/estufa-de-pellets.com\/blog\/author\/adminblogedp\/"}]}},"_links":{"self":[{"href":"https:\/\/estufa-de-pellets.com\/blog\/wp-json\/wp\/v2\/posts\/249","targetHints":{"allow":["GET"]}}],"collection":[{"href":"https:\/\/estufa-de-pellets.com\/blog\/wp-json\/wp\/v2\/posts"}],"about":[{"href":"https:\/\/estufa-de-pellets.com\/blog\/wp-json\/wp\/v2\/types\/post"}],"author":[{"embeddable":true,"href":"https:\/\/estufa-de-pellets.com\/blog\/wp-json\/wp\/v2\/users\/1"}],"replies":[{"embeddable":true,"href":"https:\/\/estufa-de-pellets.com\/blog\/wp-json\/wp\/v2\/comments?post=249"}],"version-history":[{"count":1,"href":"https:\/\/estufa-de-pellets.com\/blog\/wp-json\/wp\/v2\/posts\/249\/revisions"}],"predecessor-version":[{"id":749,"href":"https:\/\/estufa-de-pellets.com\/blog\/wp-json\/wp\/v2\/posts\/249\/revisions\/749"}],"wp:featuredmedia":[{"embeddable":true,"href":"https:\/\/estufa-de-pellets.com\/blog\/wp-json\/"}],"wp:attachment":[{"href":"https:\/\/estufa-de-pellets.com\/blog\/wp-json\/wp\/v2\/media?parent=249"}],"wp:term":[{"taxonomy":"category","embeddable":true,"href":"https:\/\/estufa-de-pellets.com\/blog\/wp-json\/wp\/v2\/categories?post=249"},{"taxonomy":"post_tag","embeddable":true,"href":"https:\/\/estufa-de-pellets.com\/blog\/wp-json\/wp\/v2\/tags?post=249"}],"curies":[{"name":"wp","href":"https:\/\/api.w.org\/{rel}","templated":true}]}}